{"id":659,"date":"2017-01-13T01:42:40","date_gmt":"2017-01-12T23:42:40","guid":{"rendered":"http:\/\/adochiteiadrianpfa.ro\/?p=659"},"modified":"2017-04-26T13:37:43","modified_gmt":"2017-04-26T11:37:43","slug":"infiintare-pfa","status":"publish","type":"post","link":"https:\/\/adochiteiadrianpfa.ro\/?p=659","title":{"rendered":"Infiintare PFA"},"content":{"rendered":"<p style=\"text-align: left; padding-left: 60px;\"><strong>UPDATE! Din februarie 2017, o mare parte din\u00a0taxele de \u00eenfiin\u021bare pentru PFA \u0219i firme, de la Registrul Comer\u021bului, au fost eliminate!<\/strong><\/p>\n<p style=\"text-align: left; padding-left: 60px;\"><span style=\"font-family: verdana,geneva; font-size: large; color: #1a7fc2;\">Totul despre \u00eenfiin\u0163area PFA<\/span><\/p>\n<p style=\"text-align: justify;\"><span style=\"font-family: verdana,geneva; font-size: medium;\"><strong>Una din marile<\/strong><\/span><span style=\"font-family: verdana,geneva; font-size: medium;\"><strong> nel\u0103muriri ale celor care doresc s\u0103 se autorizeze ca<\/strong><\/span><span style=\"font-family: verdana,geneva; font-size: medium;\"><strong> PFA, este aceea <\/strong><\/span><span style=\"font-family: verdana,geneva; font-size: medium;\"><strong>c\u0103 nu \u015ftiu dac\u0103 se pot autoriza pe mai multe domenii de activitate.<\/strong><\/span><span style=\"font-family: verdana,geneva; font-size: medium;\"><strong><img loading=\"lazy\" decoding=\"async\" class=\"alignleft wp-image-1673\" style=\"border: 0px none;\" title=\"Persoan\u0103 Fizica Autorizata\" src=\"http:\/\/www.adivisa.com\/wp-content\/uploads\/2013\/06\/PFA-300x280.jpg\" alt=\"PFA\" width=\"183\" height=\"171\" \/><\/strong><\/span><span style=\"font-family: verdana,geneva; font-size: medium;\"><strong> Aceast\u0103 nel\u0103murire am a avut-o \u015fi eu, p\u00e2n\u0103 c\u00e2nd am demarat procedurile de autorizare \u015fi am constatat c\u0103 po\u0163i activa ca PFA pe oric\u00e2te domenii dore\u015fti, cu condi\u0163ia s\u0103 ai dovada calific\u0103rii profesionale pentru fieacare domeniu. De exemplu eu sunt autorizat pe 4 domenii de activitate.\u00a0 Domeniile de activitate se aleg conform cu <\/strong><strong>CAEN Rev. 2, care poate fi consultat <a title=\"COD CAEN\" href=\"http:\/\/www.adivisa.com\/wp-content\/uploads\/2013\/06\/noul_cod_caen.pdf\">AICI<\/a>.<\/strong><\/span><\/p>\n<p style=\"text-align: justify;\"><span style=\"font-size: medium; font-family: verdana,geneva;\">\u00cen principiu, demersurile pentru <strong>\u00eenfiin\u0163area PFA<\/strong>, dureaz\u0103 3 zile. Dup\u0103 ce v\u0103 hot\u0103r\u00e2\u0163i s\u0103 v\u0103 autoriza\u0163i ca PFA, primul pas este deplasarea la <strong>Oficiul Registrului Comer<\/strong><strong>\u021b<\/strong><strong>ului<\/strong> din Jude\u021bul dumneavoastr\u0103. L<strong>ista complet\u0103 a re<\/strong><strong>\u021b<\/strong><strong>elei ORC<\/strong>, cu adresa sediului din fiecare jude\u021b, o pute\u0163i consulta<strong> <a href=\"http:\/\/www.onrc.ro\/romana\/retea.php\">AICI.<\/a><\/strong><\/span><\/p>\n<p style=\"text-align: justify; padding-left: 30px;\"><span style=\"font-family: verdana,geneva; font-size: medium;\"><strong><span style=\"color: #1a7fc2;\">\u00cen mare, actele necesare pentru \u00eenfiin\u0163area PFA sunt:<\/span> <\/strong><\/span><\/p>\n<p style=\"text-align: justify;\"><span style=\"font-family: verdana,geneva; font-size: medium;\"><strong>1)\u00a0 <\/strong><strong>copie dup\u0103 cartea de identitate, 2 exemplare, pe care scrie\u0163i conform cu originalul, numele complet \u015fi semna\u0163i, <\/strong><\/span><\/p>\n<p style=\"text-align: justify;\"><span style=\"font-family: verdana,geneva; font-size: medium;\"><strong>2)\u00a0 <\/strong><strong>copie dup\u0103 diploma de studii\/ atestate\/ sau copie dup\u0103 cartea de munc\u0103, pentru dovedirea calific\u0103rii profesinale pentru domeniul\/domeniile pentru care dori<\/strong><strong>\u0163i s\u0103 v\u0103 autoriza\u0163i. \u00a0Pe fiacare pagin\u0103 trebuie scris conform cu originalul <\/strong><strong>numele complet <\/strong><strong>\u015fi semnat. Toate diplomele \u015fi calific\u0103rile trebuie s\u0103 fie \u00een limba rom\u00e2n\u0103.<\/strong><\/span><\/p>\n<p style=\"text-align: justify;\"><span style=\"font-family: verdana,geneva; font-size: medium;\"><strong>3)\u00a0 <\/strong><strong>Act de proprietate pentru spa\u0163iul unde va fi sediul profesional. Dac\u0103 nu ave\u0163i act de proprietar, trebuie prezentat un contract de comodat \u00eentre dumneavoastr\u0103 \u015fi titularul spa\u0163iului. Contractul nu trebuie \u00eenregistrat la notariat, e suficient s\u0103 fie semnat de ambele p\u0103r\u0163i. Un model de contract de comodat pute\u0163i vedea <a title=\"Comodat\" href=\"http:\/\/www.adivisa.com\/wp-content\/uploads\/2013\/06\/Contract-de-comodat-PFA-Model.doc\">AICI<\/a>.<\/strong><\/span><\/p>\n<p style=\"text-align: justify;\"><span style=\"font-family: verdana,geneva; font-size: medium;\"><strong>4)\u00a0 <\/strong><strong>\u00cen cazul \u00een care locui\u0163i la bloc, \u015fi dori\u0163i ca sediul s\u0103 fie \u00een apartamentul \u00een care locui\u0163i, va trebui s\u0103 ob\u0163ine\u0163i acordul vecinilor de pe orizontal\u0103 \u015fi vertical\u0103 (st\u00e2nga &#8211; dreapta, sus &#8211; jos) \u015fi al asocia\u0163iei de propreitari, dac\u0103 exist\u0103. De asemenea \u015fi \u00een cazul \u00een care locui\u0163i la cas\u0103, care are perete comun cu un alt locatar, va trebui s\u0103 ob\u0163ine\u0163i acordul acelui vecin.<\/strong><\/span><\/p>\n<p style=\"text-align: justify;\"><span style=\"font-family: verdana,geneva; font-size: medium;\"><strong>5)\u00a0 <\/strong><strong>Documente\/Formulare tip pe care le completa\u0163i la Registrul Comer\u0163ului.<\/strong><\/span><\/p>\n<p style=\"text-align: justify;\"><span style=\"font-family: verdana,geneva; font-size: medium;\"><strong>6)\u00a0 <\/strong><strong>Un dosar cu \u015fin\u0103<\/strong><\/span><\/p>\n<p style=\"text-align: justify;\"><span style=\"font-family: verdana,geneva; font-size: medium;\"><strong>Deci, actele necesare<\/strong> se \u00eempart \u00een dou\u0103 categorii, astfel<\/span><\/p>\n<p style=\"text-align: justify;\"><span style=\"font-family: verdana,geneva; font-size: medium;\"><span style=\"color: #ff0000;\"><strong>1) \u2013 \u00a0acte\/documente personale, cu care veni\u021bi de acas\u0103<\/strong><\/span> \u0219i<\/span><\/p>\n<p style=\"text-align: justify;\"><span style=\"font-family: verdana,geneva; font-size: medium;\"><strong><span style=\"color: #ff0000;\">2) \u2013 documente\/formulare tip,\u00a0 pe care le ob\u0163ine\u0163i de la Registrul Comer\u021bului,<\/span><\/strong> \u00a0de la biroul de Informare Ini\u021bial\u0103, formulare care trebuie completate. Acestea se g\u0103sesc \u0219i online, astfel c\u0103 se pot completa de acasa, dar ar fi mai bine s\u0103 le completa\u0163i la ORC, pentru a evita eventualele gre\u015feli de completare.<\/span><\/p>\n<p style=\"text-align: justify;\"><span style=\"font-family: verdana,geneva; font-size: medium;\"><strong>Dac\u0103 merge\u0163i preg\u0103ti\u0163i cu toate actele \u015fi totul decurge bine, se poate<\/strong> finaliza totul cu doar dou\u0103 vizite la Oficiu Registrului Come\u0163ului \u2013 una \u00een care depune\u021bi actele \u0219i alta \u00een care ve\u0163i ridica autoriza\u021bia de func\u021bionare \u015fi certificatul constatator.<\/span><\/p>\n<p style=\"text-align: justify; padding-left: 30px;\"><span style=\"font-family: verdana,geneva; font-size: medium; color: #1a7fc2;\"><strong>Costuri de \u00eenfiin\u0163are PFA<\/strong><\/span><\/p>\n<p style=\"text-align: justify;\"><span style=\"font-family: verdana,geneva; font-size: medium;\">Tarifele pl\u0103tite c\u0103tre ORC, pentru \u00eenfiin\u0163area PFA sunt \u00een total de <span style=\"color: #ff0000;\"><strong>246 de lei<\/strong><\/span>, astfel:<\/span><\/p>\n<p style=\"text-align: justify; padding-left: 30px;\"><span style=\"font-family: verdana,geneva; font-size: medium;\">1) 72 de lei Taxa de Verificare \u015fi rezervare a denumirii firmei;<\/span><\/p>\n<p style=\"text-align: justify; padding-left: 30px;\"><span style=\"font-family: verdana,geneva; font-size: medium;\">2) Apoi, dup\u0103 primirea dovezii de rezervare a denumirii, ve\u0163i mai achita 174 de lei.<\/span><\/p>\n<p style=\"text-align: justify;\"><span style=\"font-family: verdana,geneva; font-size: medium;\"><span style=\"color: #1a7fc2;\"><span style=\"font-size: large;\"><strong>Documente din partea Registrului Comer<\/strong><strong>\u021b<\/strong><\/span><strong><span style=\"font-size: large;\">ului<\/span> <\/strong><\/span>(cu link spre formulare)<strong>:<\/strong><\/span><\/p>\n<ul style=\"text-align: justify;\">\n<li><span style=\"font-family: verdana,geneva; font-size: medium;\"><a href=\"http:\/\/www.onrc.ro\/documente\/ghid\/1_pfa.pdf\"><strong>Lista cu documentele necesare pentru \u00eenregistrarea \u00een registrul comer<\/strong><strong>\u021bului, \u00eenregistrarea fiscal\u0103 <\/strong><strong>\u0219i autorizarea func<\/strong><strong>\u021bion\u0103rii a PFA<\/strong><\/a><\/span><\/li>\n<li><span style=\"font-family: verdana,geneva; font-size: medium;\"><a href=\"http:\/\/www.onrc.ro\/formulare\/anexa2_cerere_verificare_disponibilitate_pf_v1.pdf\"><strong>Cerere verificare disponibilitate <\/strong><strong>\u0219i rezervare firm\u0103 persoane fizice<\/strong><\/a><\/span><\/li>\n<li><span style=\"font-family: verdana,geneva; font-size: medium;\"><a href=\"http:\/\/www.onrc.ro\/formulare\/anexa_a_cerere_inregistrare_pf_v4.pdf\"><strong>Cerere de \u00eenregistrare \u2013 persoane fizice<\/strong><\/a><\/span><\/li>\n<li><span style=\"font-family: verdana,geneva; font-size: medium;\"><a href=\"http:\/\/www.onrc.ro\/formulare\/anexa_1_inregistrare_fiscala_v3.pdf\"><strong>Anexa 1 \u2013 \u00eenregistrare fiscal\u0103<\/strong><\/a><\/span><\/li>\n<li><span style=\"font-family: verdana,geneva; font-size: medium;\"><a href=\"http:\/\/www.onrc.ro\/formulare\/declaratie_art15alin1litb_model2_v4.pdf\"><strong>Declara<\/strong><strong>\u021bie de propria r\u0103spundere<\/strong><\/a><\/span><\/li>\n<li><span style=\"font-family: verdana,geneva; font-size: medium;\"><strong><a href=\"http:\/\/www.onrc.ro\/formulare\/formular_asoc_proprietari.pdf\">Aviz \/ accept din partea asocia\u021biei de proprietari\/locatari<\/a> (dac\u0103 sediul va fi la bloc)<\/strong><\/span><\/li>\n<li><span style=\"font-family: verdana,geneva; font-size: medium;\"><strong><a href=\"http:\/\/www.onrc.ro\/formulare\/principale\/anexa7.pdf\">Specimen de semn\u0103tur\u0103<\/a><\/strong><\/span><\/li>\n<\/ul>\n<p style=\"text-align: justify;\"><span style=\"font-family: verdana,geneva; font-size: medium;\">Cu <strong>avizul din partea asocia<\/strong><strong>\u021b<\/strong><strong>iei de proprietari <\/strong>merge\u021bi la cei 4 vecini sau c\u00e2\u0163i sunt, cu care \u00eemp\u0103r\u021bi\u021bi o latur\u0103 a apartamentului \u2013 st\u00e2nga, dreapta, sus, jos.<\/span><\/p>\n<p style=\"text-align: justify;\"><span style=\"font-family: verdana,geneva; font-size: medium;\"><strong>Cererea de verificare a disponibilit\u0103<\/strong><strong>\u021b<\/strong><strong>ii <\/strong>o ata\u0219a\u021bi unei <strong>copii dup\u0103 buletin<\/strong> \u0219i unei <strong>chitan<\/strong><strong>\u021b<\/strong><strong>e \u00een valoare de 72 de lei <\/strong>pe care o ob\u021bine\u021bi de la Casieria din cadrul Registrului de Comer\u021b \u0219i merge\u021bi cu ea la ghi\u0219eul care se ocup\u0103 cu verificarea \u0219i rezervarea numelui firmei.<\/span><\/p>\n<p style=\"text-align: justify;\"><span style=\"font-family: verdana,geneva; font-size: medium;\">\u00cen cazul PFA, numele firmei va fi chiar numele dumneavoastr\u0103, urmat de sintagma \u201cPersoan\u0103 Fizic\u0103 Autorizat\u0103\u201d, \u00a0\u00een formatul urm\u0103tor:<\/span><\/p>\n<p style=\"text-align: justify; padding-left: 60px;\"><span style=\"font-family: verdana,geneva; font-size: medium;\">NUME PRENUME PERSOAN\u0102 FIZIC\u0102 AUTORIZAT\u0102.<\/span><\/p>\n<p style=\"text-align: justify;\"><span style=\"font-family: verdana,geneva; font-size: medium;\">Dup\u0103 30 de minute vi se va elibera o <strong>DOVAD\u0102 privind disponibilitatea <\/strong><strong>\u0219<\/strong><strong>i rezervarea firmei<\/strong>, pe care o ve\u021bi ata\u0219a la dosarul cu acte de depus.<\/span><\/p>\n<p style=\"text-align: justify;\"><span style=\"font-family: verdana,geneva; font-size: medium;\">\u00cen acest timp pute\u0163i apela la <strong>biroul de asisten<\/strong><strong>\u021b<\/strong><strong>\u0103<\/strong> din cadrul Registrului de Comer\u021b pentru a primi ajutor \u00een redactarea celorlalte documente. Acest serviciu este contra cost , \u00een jur de 20-30 de lei, \u015fi este util pentru a fi siguri c\u0103 documentele sunt completate corect. Dac\u0103 ave\u0163i deja formulare completate de acas\u0103, trebuie s\u0103 a\u0219tepta\u021bi de or\u0103, p\u00e2n\u0103 vi se elibereaz\u0103\u00a0 dovada rezerv\u0103rii denumirii firmei.\u00a0<\/span><\/p>\n<p style=\"text-align: justify;\"><span style=\"font-family: verdana,geneva; font-size: medium;\">Pe <strong>specimenul de semn\u0103turi<\/strong> completa\u021bi la FIRMA: NUME COMPLET PFA \u0219i la c\u00e2mpul 1) din nou NUME COMPLET PFA + cod numeric, serie \u0219i nr. C.I., data eliber\u0103rii \u0219i emitentul<\/span><\/p>\n<p style=\"text-align: justify;\"><span style=\"font-family: verdana,geneva; font-size: medium; color: #ff0000;\"><strong><em>*** Aten<\/em><\/strong><strong><em>\u021b<\/em><\/strong><strong><em>ie: NU SEMNA<\/em><\/strong><strong><em>\u0162<\/em><\/strong><strong><em>I ! Acest lucru \u00eel ve<\/em><\/strong><strong><em>\u021b<\/em><\/strong><strong><em>i face ulterior \u00een fa<\/em><\/strong><strong><em>\u021b<\/em><\/strong><strong><em>a unui director al Registrului Comer<\/em><\/strong><strong><em>\u021bului<\/em><\/strong><strong><em>.<\/em><\/strong><\/span><\/p>\n<p style=\"text-align: justify;\"><span style=\"font-family: verdana,geneva; font-size: medium;\"><strong>Cu dosarul complet<\/strong> \u2013 merge\u021bi la unul dintre <strong>ghi<\/strong><strong>\u0219<\/strong><strong>eele de depunere<\/strong> a acestora. De aici ve\u021bi fi trimis la <strong>Casierie <\/strong>s\u0103 <strong>achita<\/strong><strong>\u021b<\/strong><strong>i restul taxelor <\/strong>&#8211; \u00een valoare de <strong>174 de lei<\/strong> \u2013 \u0219i v\u0103 ve\u021bi \u00eentoarce cu <strong>chitan<\/strong><strong>\u021b<\/strong><strong>ele<\/strong> \u0219i cu <strong>una dintre copiile dup\u0103 buletin<\/strong>. De asemenea, <strong>aici ve<\/strong><strong>\u021b<\/strong><strong>i semna <\/strong><strong>\u0219<\/strong><strong>i pe specimenul de semn\u0103tur\u0103<\/strong>.<\/span><\/p>\n<p style=\"text-align: justify;\"><span style=\"font-family: verdana,geneva; font-size: medium;\">Apoi dosarul dumneavoastr\u0103 va ajunge la <strong>Registratur\u0103 Intr\u0103ri<\/strong>, de unde ve\u021bi primi o <strong>chitan<\/strong><strong>\u021b<\/strong><strong>\u0103 cu care trebuie s\u0103 reveni<\/strong><strong>\u021b<\/strong><strong>i \u00een 2-3 zile lucr\u0103toare pentru a ridica actele necesare func<\/strong><strong>\u021b<\/strong><strong>ion\u0103rii PFA-ului. <\/strong><\/span><\/p>\n<p><span style=\"font-family: verdana,geneva;\"><strong><span style=\"font-size: medium;\">Dup\u0103 ob\u0163inerea CUI-ului \u015fi a certificatului constatator, \u00een termen de 15 zile ave\u0163i obliga\u0163ia de a v\u0103 \u00eenregsitra la FISC.<\/span> <\/strong><\/span><\/p>\n<p style=\"text-align: justify;\"><span style=\"font-family: verdana,geneva; font-size: medium;\"><strong>Locuitorii din localit\u0103\u0163ile Lonea, Petrila, Petro\u015fani, jud. Hunedoara, <\/strong>care doresc s\u0103 se autorizeze ca PFA \u00a0au op\u0163iunea de a nu se mai deplasa p\u00e2n\u0103 la ORC Deva, deoarece \u00een Petro\u015fani func\u0163ioneaz\u0103 un birou al ORC, care preia toate cererile \u015fi documentele necesare pentru \u00eenfiin\u0163are. Aici, la biroul din\u00a0 Petro\u015fani se ofer\u0103 \u015fi asisten\u0163a pentru completarea tuturor formularelor f\u0103r\u0103 nicun cost. Singurul dezavantaj dac\u0103 depune\u0163i actele la Petro\u015fani \u015fi nu la Deva este c\u0103 dureaz\u0103 \u00een jur de 3 s\u0103pt\u0103m\u00e2ni p\u00e2n\u0103 ve\u0163i primi certificatul de \u00eenmatriculare \u015fi autoriza\u0163ia de func\u0163ionare, deoarece acest birou are un singur angajat, care in fiecare zi de luni a s\u0103pt\u0103m\u00e2nii merge la ORC Deva \u00een vederea depunerii documentelor preluate \u015fi astfel dureaz\u0103 o s\u0103pt\u0103m\u00e2n\u0103 s\u0103 le preia documente, apoi \u00een urm\u0103atoarea s\u0103pt\u0103m\u00e2n\u0103 le duce la Deva \u015fi apoi dup\u0103 \u00eenc\u0103 o s\u0103pt\u0103m\u00e2n\u0103 le ridi\u0103 de la Deva. Oricum, este avantajos dac\u0103 vre\u0163i s\u0103 sc\u0103pa\u0163i de 2 drumuri f\u0103cute la Deva.<\/span><\/p>\n<p style=\"text-align: justify;\"><span style=\"font-family: verdana,geneva; font-size: medium;\"><strong>Procedura de \u00eenregistrare, dac\u0103 depune\u0163i actele la Petro\u015fani este urm\u0103toarea:<\/strong><\/span><\/p>\n<p style=\"text-align: justify;\"><span style=\"font-family: verdana,geneva; font-size: medium;\"><strong>1) <\/strong><strong>V\u0103 prezenta\u0163i \u00a0la biroul \u00a0ORC din\u00a0 Petro\u015fani, (de mar\u0163i p\u00e2n\u0103 vineri \u00eentre orele 9-16) cu o copie de buletin, certificat\u0103 conform cu originalul, asa cum am spus \u015fi mai sus;<\/strong><\/span><\/p>\n<p style=\"text-align: justify;\"><span style=\"font-family: verdana,geneva; font-size: medium;\"><strong>2) <\/strong><strong>Completa\u0163i cererea de verificare \u015fi rezervare a disponibilit\u0103\u0163ii denumirii;<\/strong><\/span><\/p>\n<p style=\"text-align: justify;\"><span style=\"font-family: verdana,geneva; font-size: medium;\"><strong>3) <\/strong><strong>Achita\u0163i taxa de 72 de lei.<\/strong><\/span><\/p>\n<p style=\"text-align: justify;\"><span style=\"font-family: verdana,geneva; font-size: medium;\"><strong>4) <\/strong><strong>Tot acum pute\u0163i solicita formularul care trebuie semnat de vecini, pentru a-l avea preg\u0103tit.<\/strong><\/span><\/p>\n<p style=\"text-align: justify;\"><span style=\"font-family: verdana,geneva; font-size: medium;\"><strong>5) <\/strong><strong>Apoi ave\u0163i de asteptat o s\u0103pt\u0103m\u00e2n\u0103, p\u00e2n\u0103 c\u00e2nd vine dovada rezerv\u0103rii denumirii (O va aduce domnul de la ORC Petro\u015fani \u00een lunea din s\u0103pt\u0103m\u00e2na urm\u0103toare depunerii cererii).<\/strong><\/span><\/p>\n<p style=\"text-align: justify;\"><span style=\"font-family: verdana,geneva; font-size: medium;\">6) <strong style=\"font-family: verdana,geneva; font-size: medium;\">\u00cen s\u0103pt\u0103m\u00e2na urm\u0103toare depunerii cererii (de mar\u0163i p\u00e2n\u0103 vineri \u00eentre orele 9-16), v\u0103 pute\u0163i prezenta pentru ridicarea acelei dovezi \u015fi depunerea celorlalte acte \u015fi formulare (diplome, atestate, contract de comodat, acordul vecinilor, etc). Acum ve\u0163i achita \u015fi restul de bani, adic\u0103 <\/strong><strong>174 de lei.<br \/>\n<\/strong><\/span><\/p>\n<p style=\"text-align: justify;\"><span style=\"font-family: verdana,geneva; font-size: medium;\">7) <strong style=\"font-family: verdana,geneva; font-size: medium;\">Acum ve\u0163i avea de a\u015fteptat dou\u0103 s\u0103pt\u0103m\u00e2ni, pentru c\u0103 \u00een lunea urm\u0103toare vor ajunge actele la Deva, se vor analiza \u00een jur de 3 zile, \u015fi apoi vor fi aduse la Petro\u015fani, de unde le ve\u0163i putea ridica, tot a\u015fa de mar\u0163i p\u00e2n\u0103 vineri.<\/strong><\/span><\/p>\n<p><span style=\"font-family: verdana,geneva; color: #ff0000;\"><strong><span style=\"font-size: medium;\">Dup\u0103 ob\u0163inerea CUI-ului \u015fi a certificatului constatator, \u00een termen de 15 zile ave\u0163i obliga\u0163ia de a v\u0103 \u00eenregsitra la FISC.<\/span> <\/strong><\/span><\/p>\n","protected":false},"excerpt":{"rendered":"<p>UPDATE! Din februarie 2017, o mare parte din\u00a0taxele de \u00eenfiin\u021bare pentru PFA \u0219i firme, de la Registrul Comer\u021bului, au fost eliminate! Totul despre \u00eenfiin\u0163area PFA Una din marile nel\u0103muriri ale celor care doresc s\u0103 se autorizeze ca PFA, este aceea c\u0103 nu \u015ftiu dac\u0103 se pot autoriza pe mai multe domenii de activitate. Aceast\u0103 nel\u0103murire [&hellip;]<\/p>\n","protected":false},"author":1,"featured_media":660,"comment_status":"closed","ping_status":"closed","sticky":false,"template":"","format":"standard","meta":{"pagelayer_contact_templates":[],"_pagelayer_content":"","footnotes":""},"categories":[12],"tags":[],"class_list":["post-659","post","type-post","status-publish","format-standard","has-post-thumbnail","hentry","category-utile"],"yoast_head":"<!-- This site is optimized with the Yoast SEO plugin v27.2 - https:\/\/yoast.com\/product\/yoast-seo-wordpress\/ -->\n<title>Infiintare PFA - Consultant fonduri europene<\/title>\n<meta name=\"robots\" content=\"index, follow, max-snippet:-1, max-image-preview:large, max-video-preview:-1\" \/>\n<link rel=\"canonical\" href=\"https:\/\/adochiteiadrianpfa.ro\/?p=659\" \/>\n<meta property=\"og:locale\" content=\"en_US\" \/>\n<meta property=\"og:type\" content=\"article\" \/>\n<meta property=\"og:title\" content=\"Infiintare PFA - Consultant fonduri europene\" \/>\n<meta property=\"og:description\" content=\"UPDATE! Din februarie 2017, o mare parte din\u00a0taxele de \u00eenfiin\u021bare pentru PFA \u0219i firme, de la Registrul Comer\u021bului, au fost eliminate! Totul despre \u00eenfiin\u0163area PFA Una din marile nel\u0103muriri ale celor care doresc s\u0103 se autorizeze ca PFA, este aceea c\u0103 nu \u015ftiu dac\u0103 se pot autoriza pe mai multe domenii de activitate. Aceast\u0103 nel\u0103murire [&hellip;]\" \/>\n<meta property=\"og:url\" content=\"https:\/\/adochiteiadrianpfa.ro\/?p=659\" \/>\n<meta property=\"og:site_name\" content=\"Consultant fonduri europene\" \/>\n<meta property=\"article:published_time\" content=\"2017-01-12T23:42:40+00:00\" \/>\n<meta property=\"article:modified_time\" content=\"2017-04-26T11:37:43+00:00\" \/>\n<meta property=\"og:image\" content=\"https:\/\/adochiteiadrianpfa.ro\/wp-content\/uploads\/2017\/01\/PFA.jpg\" \/>\n\t<meta property=\"og:image:width\" content=\"300\" \/>\n\t<meta property=\"og:image:height\" content=\"280\" \/>\n\t<meta property=\"og:image:type\" content=\"image\/jpeg\" \/>\n<meta name=\"author\" content=\"adipfa\" \/>\n<meta name=\"twitter:card\" content=\"summary_large_image\" \/>\n<meta name=\"twitter:label1\" content=\"Written by\" \/>\n\t<meta name=\"twitter:data1\" content=\"adipfa\" \/>\n\t<meta name=\"twitter:label2\" content=\"Est. reading time\" \/>\n\t<meta name=\"twitter:data2\" content=\"7 minutes\" \/>\n<script type=\"application\/ld+json\" class=\"yoast-schema-graph\">{\"@context\":\"https:\/\/schema.org\",\"@graph\":[{\"@type\":\"Article\",\"@id\":\"https:\/\/adochiteiadrianpfa.ro\/?p=659#article\",\"isPartOf\":{\"@id\":\"https:\/\/adochiteiadrianpfa.ro\/?p=659\"},\"author\":{\"name\":\"adipfa\",\"@id\":\"https:\/\/adochiteiadrianpfa.ro\/#\/schema\/person\/381d198fe22ce9a6a5f2b97c56bec2ba\"},\"headline\":\"Infiintare PFA\",\"datePublished\":\"2017-01-12T23:42:40+00:00\",\"dateModified\":\"2017-04-26T11:37:43+00:00\",\"mainEntityOfPage\":{\"@id\":\"https:\/\/adochiteiadrianpfa.ro\/?p=659\"},\"wordCount\":1459,\"publisher\":{\"@id\":\"https:\/\/adochiteiadrianpfa.ro\/#organization\"},\"image\":{\"@id\":\"https:\/\/adochiteiadrianpfa.ro\/?p=659#primaryimage\"},\"thumbnailUrl\":\"https:\/\/adochiteiadrianpfa.ro\/wp-content\/uploads\/2017\/01\/PFA.jpg\",\"articleSection\":[\"Utile\"],\"inLanguage\":\"en-US\"},{\"@type\":\"WebPage\",\"@id\":\"https:\/\/adochiteiadrianpfa.ro\/?p=659\",\"url\":\"https:\/\/adochiteiadrianpfa.ro\/?p=659\",\"name\":\"Infiintare PFA - Consultant fonduri europene\",\"isPartOf\":{\"@id\":\"https:\/\/adochiteiadrianpfa.ro\/#website\"},\"primaryImageOfPage\":{\"@id\":\"https:\/\/adochiteiadrianpfa.ro\/?p=659#primaryimage\"},\"image\":{\"@id\":\"https:\/\/adochiteiadrianpfa.ro\/?p=659#primaryimage\"},\"thumbnailUrl\":\"https:\/\/adochiteiadrianpfa.ro\/wp-content\/uploads\/2017\/01\/PFA.jpg\",\"datePublished\":\"2017-01-12T23:42:40+00:00\",\"dateModified\":\"2017-04-26T11:37:43+00:00\",\"breadcrumb\":{\"@id\":\"https:\/\/adochiteiadrianpfa.ro\/?p=659#breadcrumb\"},\"inLanguage\":\"en-US\",\"potentialAction\":[{\"@type\":\"ReadAction\",\"target\":[\"https:\/\/adochiteiadrianpfa.ro\/?p=659\"]}]},{\"@type\":\"ImageObject\",\"inLanguage\":\"en-US\",\"@id\":\"https:\/\/adochiteiadrianpfa.ro\/?p=659#primaryimage\",\"url\":\"https:\/\/adochiteiadrianpfa.ro\/wp-content\/uploads\/2017\/01\/PFA.jpg\",\"contentUrl\":\"https:\/\/adochiteiadrianpfa.ro\/wp-content\/uploads\/2017\/01\/PFA.jpg\",\"width\":300,\"height\":280,\"caption\":\"Infiintare PFA\"},{\"@type\":\"BreadcrumbList\",\"@id\":\"https:\/\/adochiteiadrianpfa.ro\/?p=659#breadcrumb\",\"itemListElement\":[{\"@type\":\"ListItem\",\"position\":1,\"name\":\"Home\",\"item\":\"https:\/\/adochiteiadrianpfa.ro\/\"},{\"@type\":\"ListItem\",\"position\":2,\"name\":\"Infiintare PFA\"}]},{\"@type\":\"WebSite\",\"@id\":\"https:\/\/adochiteiadrianpfa.ro\/#website\",\"url\":\"https:\/\/adochiteiadrianpfa.ro\/\",\"name\":\"Consultant fonduri europene\",\"description\":\"\",\"publisher\":{\"@id\":\"https:\/\/adochiteiadrianpfa.ro\/#organization\"},\"potentialAction\":[{\"@type\":\"SearchAction\",\"target\":{\"@type\":\"EntryPoint\",\"urlTemplate\":\"https:\/\/adochiteiadrianpfa.ro\/?s={search_term_string}\"},\"query-input\":{\"@type\":\"PropertyValueSpecification\",\"valueRequired\":true,\"valueName\":\"search_term_string\"}}],\"inLanguage\":\"en-US\"},{\"@type\":\"Organization\",\"@id\":\"https:\/\/adochiteiadrianpfa.ro\/#organization\",\"name\":\"Consultant fonduri europene\",\"url\":\"https:\/\/adochiteiadrianpfa.ro\/\",\"logo\":{\"@type\":\"ImageObject\",\"inLanguage\":\"en-US\",\"@id\":\"https:\/\/adochiteiadrianpfa.ro\/#\/schema\/logo\/image\/\",\"url\":\"https:\/\/adochiteiadrianpfa.ro\/wp-content\/uploads\/2025\/06\/cropped-AAD-PFA-LOGO-Web.png\",\"contentUrl\":\"https:\/\/adochiteiadrianpfa.ro\/wp-content\/uploads\/2025\/06\/cropped-AAD-PFA-LOGO-Web.png\",\"width\":115,\"height\":130,\"caption\":\"Consultant fonduri europene\"},\"image\":{\"@id\":\"https:\/\/adochiteiadrianpfa.ro\/#\/schema\/logo\/image\/\"}},{\"@type\":\"Person\",\"@id\":\"https:\/\/adochiteiadrianpfa.ro\/#\/schema\/person\/381d198fe22ce9a6a5f2b97c56bec2ba\",\"name\":\"adipfa\",\"url\":\"https:\/\/adochiteiadrianpfa.ro\/?author=1\"}]}<\/script>\n<!-- \/ Yoast SEO plugin. -->","yoast_head_json":{"title":"Infiintare PFA - Consultant fonduri europene","robots":{"index":"index","follow":"follow","max-snippet":"max-snippet:-1","max-image-preview":"max-image-preview:large","max-video-preview":"max-video-preview:-1"},"canonical":"https:\/\/adochiteiadrianpfa.ro\/?p=659","og_locale":"en_US","og_type":"article","og_title":"Infiintare PFA - Consultant fonduri europene","og_description":"UPDATE! Din februarie 2017, o mare parte din\u00a0taxele de \u00eenfiin\u021bare pentru PFA \u0219i firme, de la Registrul Comer\u021bului, au fost eliminate! Totul despre \u00eenfiin\u0163area PFA Una din marile nel\u0103muriri ale celor care doresc s\u0103 se autorizeze ca PFA, este aceea c\u0103 nu \u015ftiu dac\u0103 se pot autoriza pe mai multe domenii de activitate. Aceast\u0103 nel\u0103murire [&hellip;]","og_url":"https:\/\/adochiteiadrianpfa.ro\/?p=659","og_site_name":"Consultant fonduri europene","article_published_time":"2017-01-12T23:42:40+00:00","article_modified_time":"2017-04-26T11:37:43+00:00","og_image":[{"width":300,"height":280,"url":"https:\/\/adochiteiadrianpfa.ro\/wp-content\/uploads\/2017\/01\/PFA.jpg","type":"image\/jpeg"}],"author":"adipfa","twitter_card":"summary_large_image","twitter_misc":{"Written by":"adipfa","Est. reading time":"7 minutes"},"schema":{"@context":"https:\/\/schema.org","@graph":[{"@type":"Article","@id":"https:\/\/adochiteiadrianpfa.ro\/?p=659#article","isPartOf":{"@id":"https:\/\/adochiteiadrianpfa.ro\/?p=659"},"author":{"name":"adipfa","@id":"https:\/\/adochiteiadrianpfa.ro\/#\/schema\/person\/381d198fe22ce9a6a5f2b97c56bec2ba"},"headline":"Infiintare PFA","datePublished":"2017-01-12T23:42:40+00:00","dateModified":"2017-04-26T11:37:43+00:00","mainEntityOfPage":{"@id":"https:\/\/adochiteiadrianpfa.ro\/?p=659"},"wordCount":1459,"publisher":{"@id":"https:\/\/adochiteiadrianpfa.ro\/#organization"},"image":{"@id":"https:\/\/adochiteiadrianpfa.ro\/?p=659#primaryimage"},"thumbnailUrl":"https:\/\/adochiteiadrianpfa.ro\/wp-content\/uploads\/2017\/01\/PFA.jpg","articleSection":["Utile"],"inLanguage":"en-US"},{"@type":"WebPage","@id":"https:\/\/adochiteiadrianpfa.ro\/?p=659","url":"https:\/\/adochiteiadrianpfa.ro\/?p=659","name":"Infiintare PFA - Consultant fonduri europene","isPartOf":{"@id":"https:\/\/adochiteiadrianpfa.ro\/#website"},"primaryImageOfPage":{"@id":"https:\/\/adochiteiadrianpfa.ro\/?p=659#primaryimage"},"image":{"@id":"https:\/\/adochiteiadrianpfa.ro\/?p=659#primaryimage"},"thumbnailUrl":"https:\/\/adochiteiadrianpfa.ro\/wp-content\/uploads\/2017\/01\/PFA.jpg","datePublished":"2017-01-12T23:42:40+00:00","dateModified":"2017-04-26T11:37:43+00:00","breadcrumb":{"@id":"https:\/\/adochiteiadrianpfa.ro\/?p=659#breadcrumb"},"inLanguage":"en-US","potentialAction":[{"@type":"ReadAction","target":["https:\/\/adochiteiadrianpfa.ro\/?p=659"]}]},{"@type":"ImageObject","inLanguage":"en-US","@id":"https:\/\/adochiteiadrianpfa.ro\/?p=659#primaryimage","url":"https:\/\/adochiteiadrianpfa.ro\/wp-content\/uploads\/2017\/01\/PFA.jpg","contentUrl":"https:\/\/adochiteiadrianpfa.ro\/wp-content\/uploads\/2017\/01\/PFA.jpg","width":300,"height":280,"caption":"Infiintare PFA"},{"@type":"BreadcrumbList","@id":"https:\/\/adochiteiadrianpfa.ro\/?p=659#breadcrumb","itemListElement":[{"@type":"ListItem","position":1,"name":"Home","item":"https:\/\/adochiteiadrianpfa.ro\/"},{"@type":"ListItem","position":2,"name":"Infiintare PFA"}]},{"@type":"WebSite","@id":"https:\/\/adochiteiadrianpfa.ro\/#website","url":"https:\/\/adochiteiadrianpfa.ro\/","name":"Consultant fonduri europene","description":"","publisher":{"@id":"https:\/\/adochiteiadrianpfa.ro\/#organization"},"potentialAction":[{"@type":"SearchAction","target":{"@type":"EntryPoint","urlTemplate":"https:\/\/adochiteiadrianpfa.ro\/?s={search_term_string}"},"query-input":{"@type":"PropertyValueSpecification","valueRequired":true,"valueName":"search_term_string"}}],"inLanguage":"en-US"},{"@type":"Organization","@id":"https:\/\/adochiteiadrianpfa.ro\/#organization","name":"Consultant fonduri europene","url":"https:\/\/adochiteiadrianpfa.ro\/","logo":{"@type":"ImageObject","inLanguage":"en-US","@id":"https:\/\/adochiteiadrianpfa.ro\/#\/schema\/logo\/image\/","url":"https:\/\/adochiteiadrianpfa.ro\/wp-content\/uploads\/2025\/06\/cropped-AAD-PFA-LOGO-Web.png","contentUrl":"https:\/\/adochiteiadrianpfa.ro\/wp-content\/uploads\/2025\/06\/cropped-AAD-PFA-LOGO-Web.png","width":115,"height":130,"caption":"Consultant fonduri europene"},"image":{"@id":"https:\/\/adochiteiadrianpfa.ro\/#\/schema\/logo\/image\/"}},{"@type":"Person","@id":"https:\/\/adochiteiadrianpfa.ro\/#\/schema\/person\/381d198fe22ce9a6a5f2b97c56bec2ba","name":"adipfa","url":"https:\/\/adochiteiadrianpfa.ro\/?author=1"}]}},"_links":{"self":[{"href":"https:\/\/adochiteiadrianpfa.ro\/index.php?rest_route=\/wp\/v2\/posts\/659","targetHints":{"allow":["GET"]}}],"collection":[{"href":"https:\/\/adochiteiadrianpfa.ro\/index.php?rest_route=\/wp\/v2\/posts"}],"about":[{"href":"https:\/\/adochiteiadrianpfa.ro\/index.php?rest_route=\/wp\/v2\/types\/post"}],"author":[{"embeddable":true,"href":"https:\/\/adochiteiadrianpfa.ro\/index.php?rest_route=\/wp\/v2\/users\/1"}],"replies":[{"embeddable":true,"href":"https:\/\/adochiteiadrianpfa.ro\/index.php?rest_route=%2Fwp%2Fv2%2Fcomments&post=659"}],"version-history":[{"count":3,"href":"https:\/\/adochiteiadrianpfa.ro\/index.php?rest_route=\/wp\/v2\/posts\/659\/revisions"}],"predecessor-version":[{"id":1043,"href":"https:\/\/adochiteiadrianpfa.ro\/index.php?rest_route=\/wp\/v2\/posts\/659\/revisions\/1043"}],"wp:featuredmedia":[{"embeddable":true,"href":"https:\/\/adochiteiadrianpfa.ro\/index.php?rest_route=\/wp\/v2\/media\/660"}],"wp:attachment":[{"href":"https:\/\/adochiteiadrianpfa.ro\/index.php?rest_route=%2Fwp%2Fv2%2Fmedia&parent=659"}],"wp:term":[{"taxonomy":"category","embeddable":true,"href":"https:\/\/adochiteiadrianpfa.ro\/index.php?rest_route=%2Fwp%2Fv2%2Fcategories&post=659"},{"taxonomy":"post_tag","embeddable":true,"href":"https:\/\/adochiteiadrianpfa.ro\/index.php?rest_route=%2Fwp%2Fv2%2Ftags&post=659"}],"curies":[{"name":"wp","href":"https:\/\/api.w.org\/{rel}","templated":true}]}}